{"id":694,"date":"2024-02-22T06:40:30","date_gmt":"2024-02-22T06:40:30","guid":{"rendered":"https:\/\/hpi.ffrz.hr\/?p=694"},"modified":"2024-02-26T06:47:31","modified_gmt":"2024-02-26T06:47:31","slug":"predstavljanje-autobiografije-isusovca-antona-puntigama-2","status":"publish","type":"post","link":"https:\/\/hpi.ffrz.hr\/?p=694","title":{"rendered":"PREDSTAVLJANJE AUTOBIOGRAFIJE ISUSOVCA ANTONA PUNTIGAMA"},"content":{"rendered":"\n<hr class=\"wp-block-separator has-alpha-channel-opacity\"\/>\n\n\n\n<p>Biskupijski centar Sarsenterum Stolac, u petak 23. velja\u010de 2024. god. u 19.30 sati organizirao je predstavljanje autobiografije \u201cKako me je Bog vodio\u201d isusovca Antona Puntigama. Predstavlja\u010di: Mons. Ratko Peri\u0107, biskup u miru, prof. dr. sc. Ivan \u0160estak \u2013 isusovac i prof. dr. sc. Miroslav Palameta.<\/p>\n\n\n\n<hr class=\"wp-block-separator has-alpha-channel-opacity\"\/>\n\n\n\n<div style=\"height:100px\" aria-hidden=\"true\" class=\"wp-block-spacer\"><\/div>\n\n\n\n<figure class=\"wp-block-image aligncenter size-full\"><img loading=\"lazy\" decoding=\"async\" width=\"1024\" height=\"682\" src=\"https:\/\/hpi.ffrz.hr\/wp-content\/uploads\/2024\/02\/001p.jpg\" alt=\"\" class=\"wp-image-706\" srcset=\"https:\/\/hpi.ffrz.hr\/wp-content\/uploads\/2024\/02\/001p.jpg 1024w, https:\/\/hpi.ffrz.hr\/wp-content\/uploads\/2024\/02\/001p-980x653.jpg 980w, https:\/\/hpi.ffrz.hr\/wp-content\/uploads\/2024\/02\/001p-480x320.jpg 480w\" sizes=\"auto, (min-width: 0px) and (max-width: 480px) 480px, (min-width: 481px) and (max-width: 980px) 980px, (min-width: 981px) 1024px, 100vw\" \/><\/figure>\n\n\n\n<div style=\"height:100px\" aria-hidden=\"true\" class=\"wp-block-spacer\"><\/div>\n\n\n\n<figure class=\"wp-block-image aligncenter size-full\"><img loading=\"lazy\" decoding=\"async\" width=\"1024\" height=\"682\" src=\"https:\/\/hpi.ffrz.hr\/wp-content\/uploads\/2024\/02\/002p.jpg\" alt=\"\" class=\"wp-image-707\" srcset=\"https:\/\/hpi.ffrz.hr\/wp-content\/uploads\/2024\/02\/002p.jpg 1024w, https:\/\/hpi.ffrz.hr\/wp-content\/uploads\/2024\/02\/002p-980x653.jpg 980w, https:\/\/hpi.ffrz.hr\/wp-content\/uploads\/2024\/02\/002p-480x320.jpg 480w\" sizes=\"auto, (min-width: 0px) and (max-width: 480px) 480px, (min-width: 481px) and (max-width: 980px) 980px, (min-width: 981px) 1024px, 100vw\" \/><\/figure>\n\n\n\n<div style=\"height:100px\" aria-hidden=\"true\" class=\"wp-block-spacer\"><\/div>\n\n\n\n<figure class=\"wp-block-image size-full\"><img loading=\"lazy\" decoding=\"async\" width=\"1024\" height=\"682\" src=\"https:\/\/hpi.ffrz.hr\/wp-content\/uploads\/2024\/02\/003p.jpg\" alt=\"\" class=\"wp-image-705\" srcset=\"https:\/\/hpi.ffrz.hr\/wp-content\/uploads\/2024\/02\/003p.jpg 1024w, https:\/\/hpi.ffrz.hr\/wp-content\/uploads\/2024\/02\/003p-980x653.jpg 980w, https:\/\/hpi.ffrz.hr\/wp-content\/uploads\/2024\/02\/003p-480x320.jpg 480w\" sizes=\"auto, (min-width: 0px) and (max-width: 480px) 480px, (min-width: 481px) and (max-width: 980px) 980px, (min-width: 981px) 1024px, 100vw\" \/><\/figure>\n\n\n\n<p><\/p>\n\n\n\n<p class=\"has-text-align-center\"><a href=\"https:\/\/www.ktabkbih.net\/hr\/vijesti\/stolac-predstavljena-knjiga-kako-me-je-bog-vodio-dozivljaji-i-sjecanja-p-antona-puntigama\/118466\" target=\"_blank\" rel=\"noreferrer noopener\">SAZNAJ VI\u0160E<\/a><\/p>\n\n\n\n<hr class=\"wp-block-separator has-alpha-channel-opacity\"\/>\n\n\n\n<div style=\"height:100px\" aria-hidden=\"true\" class=\"wp-block-spacer\"><\/div>\n","protected":false},"excerpt":{"rendered":"<p>Biskupijski centar Sarsenterum Stolac, u petak 23. velja\u010de 2024. god. u 19.30 sati organizirao je predstavljanje autobiografije \u201cKako me je Bog vodio\u201d isusovca Antona Puntigama. Predstavlja\u010di: Mons. Ratko Peri\u0107, biskup u miru, prof. dr. sc. Ivan \u0160estak \u2013 isusovac i prof. dr. sc. Miroslav Palameta. SAZNAJ VI\u0160E<\/p>\n","protected":false},"author":1,"featured_media":701,"comment_status":"open","ping_status":"open","sticky":false,"template":"","format":"standard","meta":{"_et_pb_use_builder":"off","_et_pb_old_content":"","_et_gb_content_width":"","footnotes":""},"categories":[4],"tags":[],"class_list":["post-694","post","type-post","status-publish","format-standard","has-post-thumbnail","hentry","category-novosti-i-obavijesti"],"_links":{"self":[{"href":"https:\/\/hpi.ffrz.hr\/index.php?rest_route=\/wp\/v2\/posts\/694","targetHints":{"allow":["GET"]}}],"collection":[{"href":"https:\/\/hpi.ffrz.hr\/index.php?rest_route=\/wp\/v2\/posts"}],"about":[{"href":"https:\/\/hpi.ffrz.hr\/index.php?rest_route=\/wp\/v2\/types\/post"}],"author":[{"embeddable":true,"href":"https:\/\/hpi.ffrz.hr\/index.php?rest_route=\/wp\/v2\/users\/1"}],"replies":[{"embeddable":true,"href":"https:\/\/hpi.ffrz.hr\/index.php?rest_route=%2Fwp%2Fv2%2Fcomments&post=694"}],"version-history":[{"count":12,"href":"https:\/\/hpi.ffrz.hr\/index.php?rest_route=\/wp\/v2\/posts\/694\/revisions"}],"predecessor-version":[{"id":712,"href":"https:\/\/hpi.ffrz.hr\/index.php?rest_route=\/wp\/v2\/posts\/694\/revisions\/712"}],"wp:featuredmedia":[{"embeddable":true,"href":"https:\/\/hpi.ffrz.hr\/index.php?rest_route=\/wp\/v2\/media\/701"}],"wp:attachment":[{"href":"https:\/\/hpi.ffrz.hr\/index.php?rest_route=%2Fwp%2Fv2%2Fmedia&parent=694"}],"wp:term":[{"taxonomy":"category","embeddable":true,"href":"https:\/\/hpi.ffrz.hr\/index.php?rest_route=%2Fwp%2Fv2%2Fcategories&post=694"},{"taxonomy":"post_tag","embeddable":true,"href":"https:\/\/hpi.ffrz.hr\/index.php?rest_route=%2Fwp%2Fv2%2Ftags&post=694"}],"curies":[{"name":"wp","href":"https:\/\/api.w.org\/{rel}","templated":true}]}}